{"id":7977,"date":"2022-11-12T09:54:52","date_gmt":"2022-11-12T08:54:52","guid":{"rendered":"http:\/\/anonianzou.com\/?p=7977"},"modified":"2022-11-12T09:54:52","modified_gmt":"2022-11-12T08:54:52","slug":"esprit-abekan-fait-son-chemin","status":"publish","type":"post","link":"https:\/\/anonianzou.com\/index.php\/2022\/11\/12\/esprit-abekan-fait-son-chemin\/","title":{"rendered":"Esprit Abekan fait son chemin"},"content":{"rendered":"\n<p>Papa Abekan Norbert \u00c9ric ne m\u00e2che pas ses mots face au d\u00e9labrement de la jeunesse qui se laisse aller \u00e0 l&#8217;abandon. Pourtant insiste le p\u00e8re cur\u00e9 de la paroisse Saint Jacques des 2 Plateaux : &#8221; Chaque jeune est capable de se prendre en charge par des petits boulots qui les rendent ind\u00e9pendants&#8221;<\/p>\n\n\n\n<p>l&#8217;id\u00e9e fait son chemin.Les jeunes filles et gar\u00e7ons se lancent dans les kiosques \u00e0 garba. Ce n&#8217;est plus une affaire uniquement r\u00e9serv\u00e9e aux \u00e9trangers de la sous r\u00e9gion . Quand vous \u00e9changez avec ces jeunes cr\u00e9ateurs d&#8217;entreprises, vous constaterez qu&#8217;ils ont pour la plupart fait de bonnes \u00e9tudes. C&#8217;est un d\u00e9but&#8230;On avance <\/p>\n\n\n\n<figure class=\"wp-block-image size-large\"><img loading=\"lazy\" decoding=\"async\" width=\"768\" height=\"1024\" src=\"http:\/\/anonianzou.com\/wp-content\/uploads\/2022\/11\/IMG_20221111_100257-768x1024.jpg\" alt=\"\" class=\"wp-image-7978\" srcset=\"https:\/\/anonianzou.com\/wp-content\/uploads\/2022\/11\/IMG_20221111_100257-768x1024.jpg 768w, https:\/\/anonianzou.com\/wp-content\/uploads\/2022\/11\/IMG_20221111_100257-225x300.jpg 225w, https:\/\/anonianzou.com\/wp-content\/uploads\/2022\/11\/IMG_20221111_100257-1152x1536.jpg 1152w, https:\/\/anonianzou.com\/wp-content\/uploads\/2022\/11\/IMG_20221111_100257-1536x2048.jpg 1536w, https:\/\/anonianzou.com\/wp-content\/uploads\/2022\/11\/IMG_20221111_100257-scaled.jpg 1920w\" sizes=\"auto, (max-width: 767px) 89vw, (max-width: 1000px) 54vw, (max-width: 1071px) 543px, 580px\" \/><\/figure>\n\n\n\n<figure class=\"wp-block-image size-large\"><img loading=\"lazy\" decoding=\"async\" width=\"768\" height=\"1024\" src=\"http:\/\/anonianzou.com\/wp-content\/uploads\/2022\/11\/IMG_20221111_100858-768x1024.jpg\" alt=\"\" class=\"wp-image-7979\" srcset=\"https:\/\/anonianzou.com\/wp-content\/uploads\/2022\/11\/IMG_20221111_100858-768x1024.jpg 768w, https:\/\/anonianzou.com\/wp-content\/uploads\/2022\/11\/IMG_20221111_100858-225x300.jpg 225w, https:\/\/anonianzou.com\/wp-content\/uploads\/2022\/11\/IMG_20221111_100858-1152x1536.jpg 1152w, https:\/\/anonianzou.com\/wp-content\/uploads\/2022\/11\/IMG_20221111_100858-1536x2048.jpg 1536w, https:\/\/anonianzou.com\/wp-content\/uploads\/2022\/11\/IMG_20221111_100858-scaled.jpg 1920w\" sizes=\"auto, (max-width: 767px) 89vw, (max-width: 1000px) 54vw, (max-width: 1071px) 543px, 580px\" \/><\/figure>\n\n\n\n<figure class=\"wp-block-image size-large\"><img loading=\"lazy\" decoding=\"async\" width=\"768\" height=\"1024\" src=\"http:\/\/anonianzou.com\/wp-content\/uploads\/2022\/11\/IMG_20221111_100906-768x1024.jpg\" alt=\"\" class=\"wp-image-7980\" srcset=\"https:\/\/anonianzou.com\/wp-content\/uploads\/2022\/11\/IMG_20221111_100906-768x1024.jpg 768w, https:\/\/anonianzou.com\/wp-content\/uploads\/2022\/11\/IMG_20221111_100906-225x300.jpg 225w, https:\/\/anonianzou.com\/wp-content\/uploads\/2022\/11\/IMG_20221111_100906-1152x1536.jpg 1152w, https:\/\/anonianzou.com\/wp-content\/uploads\/2022\/11\/IMG_20221111_100906-1536x2048.jpg 1536w, https:\/\/anonianzou.com\/wp-content\/uploads\/2022\/11\/IMG_20221111_100906-scaled.jpg 1920w\" sizes=\"auto, (max-width: 767px) 89vw, (max-width: 1000px) 54vw, (max-width: 1071px) 543px, 580px\" \/><\/figure>\n","protected":false},"excerpt":{"rendered":"<p>Papa Abekan Norbert \u00c9ric ne m\u00e2che pas ses mots face au d\u00e9labrement de la jeunesse qui se laisse aller \u00e0 l&#8217;abandon. Pourtant insiste le p\u00e8re cur\u00e9 de la paroisse Saint Jacques des 2 Plateaux : &#8221; Chaque jeune est capable de se prendre en charge par des petits boulots qui les rendent ind\u00e9pendants&#8221; l&#8217;id\u00e9e fait &hellip; <\/p>\n<p class=\"link-more\"><a href=\"https:\/\/anonianzou.com\/index.php\/2022\/11\/12\/esprit-abekan-fait-son-chemin\/\" class=\"more-link\">Continue reading<span class=\"screen-reader-text\"> &#8220;Esprit Abekan fait son chemin&#8221;<\/span><\/a><\/p>\n","protected":false},"author":3,"featured_media":0,"comment_status":"open","ping_status":"open","sticky":false,"template":"","format":"standard","meta":{"_monsterinsights_skip_tracking":false,"_monsterinsights_sitenote_active":false,"_monsterinsights_sitenote_note":"","_monsterinsights_sitenote_category":0,"ngg_post_thumbnail":0,"footnotes":""},"categories":[9],"tags":[],"class_list":["post-7977","post","type-post","status-publish","format-standard","hentry","category-societe"],"_links":{"self":[{"href":"https:\/\/anonianzou.com\/index.php\/wp-json\/wp\/v2\/posts\/7977","targetHints":{"allow":["GET"]}}],"collection":[{"href":"https:\/\/anonianzou.com\/index.php\/wp-json\/wp\/v2\/posts"}],"about":[{"href":"https:\/\/anonianzou.com\/index.php\/wp-json\/wp\/v2\/types\/post"}],"author":[{"embeddable":true,"href":"https:\/\/anonianzou.com\/index.php\/wp-json\/wp\/v2\/users\/3"}],"replies":[{"embeddable":true,"href":"https:\/\/anonianzou.com\/index.php\/wp-json\/wp\/v2\/comments?post=7977"}],"version-history":[{"count":1,"href":"https:\/\/anonianzou.com\/index.php\/wp-json\/wp\/v2\/posts\/7977\/revisions"}],"predecessor-version":[{"id":7981,"href":"https:\/\/anonianzou.com\/index.php\/wp-json\/wp\/v2\/posts\/7977\/revisions\/7981"}],"wp:attachment":[{"href":"https:\/\/anonianzou.com\/index.php\/wp-json\/wp\/v2\/media?parent=7977"}],"wp:term":[{"taxonomy":"category","embeddable":true,"href":"https:\/\/anonianzou.com\/index.php\/wp-json\/wp\/v2\/categories?post=7977"},{"taxonomy":"post_tag","embeddable":true,"href":"https:\/\/anonianzou.com\/index.php\/wp-json\/wp\/v2\/tags?post=7977"}],"curies":[{"name":"wp","href":"https:\/\/api.w.org\/{rel}","templated":true}]}}