{"id":7567,"date":"2022-08-01T08:29:00","date_gmt":"2022-08-01T06:29:00","guid":{"rendered":"http:\/\/anonianzou.com\/?p=7567"},"modified":"2022-08-01T08:29:00","modified_gmt":"2022-08-01T06:29:00","slug":"maitre-serge-effi-toujours-dans-la-violence","status":"publish","type":"post","link":"https:\/\/anonianzou.com\/index.php\/2022\/08\/01\/maitre-serge-effi-toujours-dans-la-violence\/","title":{"rendered":"Ma\u00eetre Serge Effi toujours dans la violence"},"content":{"rendered":"\n<p>Pour&nbsp; le prochain proc\u00e8s en diffamation pr\u00e9vu le 4 novembre 2022, nous avons pris attache avec un huissier de justice pour aller constater les abus de l\u2019avocat. Une fois sur le terrain ses&nbsp;\u00ab&nbsp; gros bras&nbsp;\u00bb &nbsp;les ont violent\u00e9s et tent\u00e9 d\u2019arracher et d\u00e9truire leur mat\u00e9riel de travail. Serge Effi Kokora a m\u00eame alert\u00e9 le commissariat mixte d\u2019Assinie sous le pr\u00e9texte que des individus seraient entr\u00e9s par effraction dans son domicile pour agresser sa m\u00e8re.<\/p>\n\n\n\n<p>&nbsp;Ma\u00eetre Serge Effi nous a tra\u00een\u00e9s devant les tribunaux. Il nous accuse, Michel Buitruille et moi de le diffamer. Lors du premier proc\u00e8s, nous avons \u00e9t\u00e9 condamn\u00e9s \u00e0 3 mois de prison et au payement d\u2019une amende de 3000 000 FCFA. Cette condamnation est des plus surprenantes puisque la nouvelle loi sur la presse N\u00b02017\/867 du 27 d\u00e9cembre 2022, \u00ab&nbsp;inscrit la d\u00e9p\u00e9nalisation des d\u00e9lits de presse, l\u2019exclusion de la garde \u00e0 vue, la d\u00e9tention pr\u00e9ventive et l\u2019emprisonnement&nbsp;\u00bb. La condamnation est d\u2019autant plus surprenante que nos publications reposaient sur des faits v\u00e9rifiables. Nous avons pris soin de prendre des photos des actes inacceptables pos\u00e9s par l\u2019avocat&nbsp;: la d\u00e9molition de la maison de Laurent Ridet suivi de son d\u00e9c\u00e8s, le f\u00e9tiche pos\u00e9 dans le domicile de Mr Buitruille Michel, l\u2019accaparement de biens familiaux communs\u2026<\/p>\n\n\n\n<p>L\u2019avocat produit en grand nombre de constats d\u2019huissier contre nous&nbsp;; pour autant &nbsp;il entre dans la crise de nerfs quand l\u2019huissier de justice se pr\u00e9sente dans la cour familiale, transform\u00e9e sous ses directives, en chambrettes de passe et maquis-bar, pour &nbsp;&nbsp;faire des proc\u00e8s verbaux de constat de ses abus. \u00ab&nbsp;Le renard passe, passe\u2026&nbsp;\u00bb<\/p>\n\n\n\n<p>Ano Nianzou<\/p>\n\n\n\n<p>Un groupe d&#8217;individus et un machiniste, agissant pour le compte de Serge Effi Kokora se sont servis de ce Caterpillar pour d\u00e9molir la r\u00e9sidence de Laurent Ridet. Est-ce de la diffamation d&#8217;\u00e9crire cela ?  <\/p>\n\n\n\n<p>Ano Nianzou<\/p>\n\n\n\n<figure class=\"wp-block-image size-large\"><img loading=\"lazy\" decoding=\"async\" width=\"768\" height=\"1024\" src=\"http:\/\/anonianzou.com\/wp-content\/uploads\/2022\/08\/image-768x1024.png\" alt=\"\" class=\"wp-image-7568\" srcset=\"https:\/\/anonianzou.com\/wp-content\/uploads\/2022\/08\/image-768x1024.png 768w, https:\/\/anonianzou.com\/wp-content\/uploads\/2022\/08\/image-225x300.png 225w, https:\/\/anonianzou.com\/wp-content\/uploads\/2022\/08\/image-1152x1536.png 1152w, https:\/\/anonianzou.com\/wp-content\/uploads\/2022\/08\/image.png 1536w\" sizes=\"auto, (max-width: 767px) 89vw, (max-width: 1000px) 54vw, (max-width: 1071px) 543px, 580px\" \/><\/figure>\n","protected":false},"excerpt":{"rendered":"<p>Pour&nbsp; le prochain proc\u00e8s en diffamation pr\u00e9vu le 4 novembre 2022, nous avons pris attache avec un huissier de justice pour aller constater les abus de l\u2019avocat. Une fois sur le terrain ses&nbsp;\u00ab&nbsp; gros bras&nbsp;\u00bb &nbsp;les ont violent\u00e9s et tent\u00e9 d\u2019arracher et d\u00e9truire leur mat\u00e9riel de travail. Serge Effi Kokora a m\u00eame alert\u00e9 le commissariat &hellip; <\/p>\n<p class=\"link-more\"><a href=\"https:\/\/anonianzou.com\/index.php\/2022\/08\/01\/maitre-serge-effi-toujours-dans-la-violence\/\" class=\"more-link\">Continue reading<span class=\"screen-reader-text\"> &#8220;Ma\u00eetre Serge Effi toujours dans la violence&#8221;<\/span><\/a><\/p>\n","protected":false},"author":3,"featured_media":0,"comment_status":"open","ping_status":"open","sticky":false,"template":"","format":"standard","meta":{"_monsterinsights_skip_tracking":false,"_monsterinsights_sitenote_active":false,"_monsterinsights_sitenote_note":"","_monsterinsights_sitenote_category":0,"ngg_post_thumbnail":0,"footnotes":""},"categories":[9],"tags":[],"class_list":["post-7567","post","type-post","status-publish","format-standard","hentry","category-societe"],"_links":{"self":[{"href":"https:\/\/anonianzou.com\/index.php\/wp-json\/wp\/v2\/posts\/7567","targetHints":{"allow":["GET"]}}],"collection":[{"href":"https:\/\/anonianzou.com\/index.php\/wp-json\/wp\/v2\/posts"}],"about":[{"href":"https:\/\/anonianzou.com\/index.php\/wp-json\/wp\/v2\/types\/post"}],"author":[{"embeddable":true,"href":"https:\/\/anonianzou.com\/index.php\/wp-json\/wp\/v2\/users\/3"}],"replies":[{"embeddable":true,"href":"https:\/\/anonianzou.com\/index.php\/wp-json\/wp\/v2\/comments?post=7567"}],"version-history":[{"count":1,"href":"https:\/\/anonianzou.com\/index.php\/wp-json\/wp\/v2\/posts\/7567\/revisions"}],"predecessor-version":[{"id":7569,"href":"https:\/\/anonianzou.com\/index.php\/wp-json\/wp\/v2\/posts\/7567\/revisions\/7569"}],"wp:attachment":[{"href":"https:\/\/anonianzou.com\/index.php\/wp-json\/wp\/v2\/media?parent=7567"}],"wp:term":[{"taxonomy":"category","embeddable":true,"href":"https:\/\/anonianzou.com\/index.php\/wp-json\/wp\/v2\/categories?post=7567"},{"taxonomy":"post_tag","embeddable":true,"href":"https:\/\/anonianzou.com\/index.php\/wp-json\/wp\/v2\/tags?post=7567"}],"curies":[{"name":"wp","href":"https:\/\/api.w.org\/{rel}","templated":true}]}}